{"id":84500,"date":"2026-08-27T12:03:36","date_gmt":"2026-08-27T10:03:36","guid":{"rendered":"https:\/\/smilesonic.com\/?p=84500"},"modified":"2026-08-28T12:39:36","modified_gmt":"2026-08-28T10:39:36","slug":"objawy-alergii-w-jamie-ustnej-jak-je-rozpoznac-i-kiedy-zglosic-sie-do-lekarza","status":"publish","type":"post","link":"https:\/\/smilesonic.com\/pl\/objawy-alergii-w-jamie-ustnej-jak-je-rozpoznac-i-kiedy-zglosic-sie-do-lekarza\/","title":{"rendered":"Objawy alergii w jamie ustnej \u2013 jak je rozpozna\u0107 i kiedy zg\u0142osi\u0107 si\u0119 do lekarza?"},"content":{"rendered":"\n<p><em>Objawy alergii w jamie ustnej mog\u0105 obejmowa\u0107 pieczenie, sw\u0119dzenie, obrz\u0119k, zaczerwienienie b\u0142ony \u015bluzowej czy pojawienie si\u0119 p\u0119cherzyk\u00f3w i nad\u017cerek. Reakcje alergiczne bywaj\u0105 wywo\u0142ane przez pokarmy, leki, materia\u0142y stomatologiczne lub sk\u0142adniki kosmetyk\u00f3w do higieny jamy ustnej. Cho\u0107 niekt\u00f3re objawy ust\u0119puj\u0105 samoistnie, utrzymuj\u0105ce si\u0119 lub nasilaj\u0105ce zmiany wymagaj\u0105 konsultacji z lekarzem lub stomatologiem.<\/em><\/p>\n\n\n\n<h2 class=\"wp-block-heading\">Objawy alergii w jamie ustnej \u2013 jak je rozpozna\u0107 i kiedy zg\u0142osi\u0107 si\u0119 do lekarza?<\/h2>\n\n\n\n<p>Alergie kojarz\u0105 si\u0119 najcz\u0119\u015bciej z katarem siennym, wysypk\u0105 czy \u0142zawieniem oczu. Tymczasem reakcja alergiczna mo\u017ce pojawi\u0107 si\u0119 r\u00f3wnie\u017c w jamie ustnej. Objawy bywaj\u0105 mylone z infekcjami, aftami lub podra\u017cnieniami mechanicznymi, dlatego ich rozpoznanie nie zawsze jest \u0142atwe.<\/p>\n\n\n\n<p>Zmiany alergiczne mog\u0105 wyst\u0105pi\u0107 zar\u00f3wno u dzieci, jak i u doros\u0142ych. Ich przyczyn\u0105 bywaj\u0105 produkty spo\u017cywcze, leki, materia\u0142y stosowane w stomatologii czy sk\u0142adniki past do z\u0119b\u00f3w i p\u0142yn\u00f3w do p\u0142ukania jamy ustnej.<\/p>\n\n\n\n<h2 class=\"wp-block-heading\">Jakie s\u0105 najcz\u0119stsze objawy alergii w jamie ustnej?<\/h2>\n\n\n\n<p>Objawy mog\u0105 pojawi\u0107 si\u0119 nagle lub rozwija\u0107 si\u0119 stopniowo. Ich nasilenie zale\u017cy od rodzaju alergenu oraz indywidualnej reakcji organizmu. Do najcz\u0119\u015bciej wyst\u0119puj\u0105cych objaw\u00f3w nale\u017c\u0105:<\/p>\n\n\n\n<ul class=\"wp-block-list\">\n<li>pieczenie jamy ustnej,\u00a0<\/li>\n\n\n\n<li>sw\u0119dzenie b\u0142ony \u015bluzowej,\u00a0<\/li>\n\n\n\n<li>zaczerwienienie dzi\u0105se\u0142 lub policzk\u00f3w,\u00a0<\/li>\n\n\n\n<li>obrz\u0119k warg, j\u0119zyka lub dzi\u0105se\u0142,\u00a0<\/li>\n\n\n\n<li>uczucie mrowienia,\u00a0<\/li>\n\n\n\n<li>p\u0119cherzyki lub nad\u017cerki,\u00a0<\/li>\n\n\n\n<li>b\u00f3l podczas jedzenia,\u00a0<\/li>\n\n\n\n<li>sucho\u015b\u0107 jamy ustnej.\u00a0<\/li>\n<\/ul>\n\n\n\n<p>Nie u ka\u017cdego pacjenta wyst\u0119puj\u0105 wszystkie objawy jednocze\u015bnie. Czasami reakcja ogranicza si\u0119 jedynie do niewielkiego pieczenia lub obrz\u0119ku.<\/p>\n\n\n\n<h2 class=\"wp-block-heading\">Co mo\u017ce wywo\u0142a\u0107 alergi\u0119 w jamie ustnej?<\/h2>\n\n\n\n<p>Przyczyn alergii jest wiele, dlatego nie zawsze \u0142atwo od razu ustali\u0107 \u017ar\u00f3d\u0142o problemu.<\/p>\n\n\n\n<ul class=\"wp-block-list\">\n<li><strong>Produkty spo\u017cywcze<\/strong><\/li>\n<\/ul>\n\n\n\n<p>Niekt\u00f3re pokarmy mog\u0105 powodowa\u0107 miejscowe reakcje alergiczne. Najcz\u0119\u015bciej nale\u017c\u0105 do nich:<\/p>\n\n\n\n<ul class=\"wp-block-list\">\n<li>orzechy,\u00a0<\/li>\n\n\n\n<li>owoce cytrusowe,\u00a0<\/li>\n\n\n\n<li>kiwi,\u00a0<\/li>\n\n\n\n<li>truskawki,\u00a0<\/li>\n\n\n\n<li>owoce morza,\u00a0<\/li>\n\n\n\n<li>mleko,\u00a0<\/li>\n\n\n\n<li>jaja.\u00a0<\/li>\n<\/ul>\n\n\n\n<p>U cz\u0119\u015bci os\u00f3b objawy pojawiaj\u0105 si\u0119 ju\u017c po kilku minutach od spo\u017cycia alergenu.<\/p>\n\n\n\n<ul class=\"wp-block-list\">\n<li><strong>Leki<\/strong><\/li>\n<\/ul>\n\n\n\n<p>Reakcje alergiczne mog\u0105 wyst\u0105pi\u0107 po zastosowaniu niekt\u00f3rych lek\u00f3w, mi\u0119dzy innymi:<\/p>\n\n\n\n<ul class=\"wp-block-list\">\n<li>antybiotyk\u00f3w,\u00a0<\/li>\n\n\n\n<li>lek\u00f3w przeciwb\u00f3lowych,\u00a0<\/li>\n\n\n\n<li>preparat\u00f3w przeciwzapalnych.\u00a0<\/li>\n<\/ul>\n\n\n\n<p>Objawy cz\u0119sto obejmuj\u0105 nie tylko jam\u0119 ustn\u0105, ale r\u00f3wnie\u017c sk\u00f3r\u0119 lub drogi oddechowe.<\/p>\n\n\n\n<ul class=\"wp-block-list\">\n<li><strong>Materia\u0142y stomatologiczne<\/strong><\/li>\n<\/ul>\n\n\n\n<p>Cho\u0107 zdarza si\u0119 to stosunkowo rzadko, niekt\u00f3re osoby mog\u0105 by\u0107 uczulone na materia\u0142y wykorzystywane podczas leczenia stomatologicznego. Reakcj\u0119 mog\u0105 wywo\u0142a\u0107 mi\u0119dzy innymi:<\/p>\n\n\n\n<ul class=\"wp-block-list\">\n<li>akryl,\u00a0<\/li>\n\n\n\n<li>nikiel,\u00a0<\/li>\n\n\n\n<li>kobalt,\u00a0<\/li>\n\n\n\n<li>niekt\u00f3re sk\u0142adniki kompozyt\u00f3w.\u00a0<\/li>\n<\/ul>\n\n\n\n<p>Objawy pojawiaj\u0105 si\u0119 zwykle w miejscu kontaktu materia\u0142u z b\u0142on\u0105 \u015bluzow\u0105.<\/p>\n\n\n\n<h2 class=\"wp-block-heading\">Produkty do higieny jamy ustnej<\/h2>\n\n\n\n<p>Alergi\u0119 mog\u0105 wywo\u0142ywa\u0107 r\u00f3wnie\u017c sk\u0142adniki znajduj\u0105ce si\u0119 w:<\/p>\n\n\n\n<ul class=\"wp-block-list\">\n<li>pastach do z\u0119b\u00f3w,\u00a0<\/li>\n\n\n\n<li>p\u0142ynach do p\u0142ukania jamy ustnej,\u00a0<\/li>\n\n\n\n<li>\u017celach stomatologicznych,\u00a0<\/li>\n\n\n\n<li>gumach do \u017cucia.\u00a0<\/li>\n<\/ul>\n\n\n\n<p>Najcz\u0119\u015bciej uczulaj\u0105 substancje zapachowe, konserwanty oraz niekt\u00f3re olejki eteryczne.<\/p>\n\n\n\n<h2 class=\"wp-block-heading\">Jak odr\u00f3\u017cni\u0107 alergi\u0119 od innych chor\u00f3b jamy ustnej?<\/h2>\n\n\n\n<p>To nie zawsze jest proste. Objawy alergii mog\u0105 przypomina\u0107:<\/p>\n\n\n\n<ul class=\"wp-block-list\">\n<li>afty,\u00a0<\/li>\n\n\n\n<li>grzybic\u0119 jamy ustnej,\u00a0<\/li>\n\n\n\n<li>infekcje wirusowe,\u00a0<\/li>\n\n\n\n<li>podra\u017cnienia mechaniczne,\u00a0<\/li>\n\n\n\n<li>zapalenie b\u0142ony \u015bluzowej.\u00a0<\/li>\n<\/ul>\n\n\n\n<p>Dlatego nie nale\u017cy samodzielnie stawia\u0107 diagnozy. Szczeg\u00f3lnie je\u015bli objawy utrzymuj\u0105 si\u0119 przez kilka dni lub regularnie nawracaj\u0105.<\/p>\n\n\n\n<h2 class=\"wp-block-heading\">Kiedy objawy wymagaj\u0105 pilnej pomocy medycznej?<\/h2>\n\n\n\n<p>Wi\u0119kszo\u015b\u0107 reakcji alergicznych ma \u0142agodny przebieg, jednak w niekt\u00f3rych przypadkach konieczna jest natychmiastowa pomoc. Niezw\u0142ocznie zg\u0142o\u015b si\u0119 po pomoc, je\u015bli pojawi\u0105 si\u0119:<\/p>\n\n\n\n<ul class=\"wp-block-list\">\n<li>silny obrz\u0119k j\u0119zyka,\u00a0<\/li>\n\n\n\n<li>trudno\u015bci z oddychaniem,\u00a0<\/li>\n\n\n\n<li>problemy z prze\u0142ykaniem,\u00a0<\/li>\n\n\n\n<li>szybko narastaj\u0105cy obrz\u0119k twarzy,\u00a0<\/li>\n\n\n\n<li>utrata przytomno\u015bci.\u00a0<\/li>\n<\/ul>\n\n\n\n<p>Takie objawy mog\u0105 \u015bwiadczy\u0107 o rozwijaj\u0105cej si\u0119 ci\u0119\u017ckiej reakcji alergicznej (anafilaksji), kt\u00f3ra stanowi zagro\u017cenie \u017cycia.<\/p>\n\n\n\n<h2 class=\"wp-block-heading\">Jak wygl\u0105da diagnostyka alergii w jamie ustnej?<\/h2>\n\n\n\n<p>Podstaw\u0105 rozpoznania jest dok\u0142adny wywiad oraz badanie jamy ustnej. Lekarz mo\u017ce zapyta\u0107 mi\u0119dzy innymi o:<\/p>\n\n\n\n<ul class=\"wp-block-list\">\n<li>moment pojawienia si\u0119 objaw\u00f3w,\u00a0<\/li>\n\n\n\n<li>przyjmowane leki,\u00a0<\/li>\n\n\n\n<li>ostatnio spo\u017cywane produkty,\u00a0<\/li>\n\n\n\n<li>stosowane kosmetyki do higieny jamy ustnej,\u00a0<\/li>\n\n\n\n<li>wcze\u015bniejsze reakcje alergiczne.\u00a0<\/li>\n<\/ul>\n\n\n\n<p>W razie potrzeby pacjent mo\u017ce zosta\u0107 skierowany do alergologa na wykonanie test\u00f3w alergicznych.<\/p>\n\n\n\n<h2 class=\"wp-block-heading\">Jak leczy si\u0119 alergi\u0119 w jamie ustnej?<\/h2>\n\n\n\n<p>Najwa\u017cniejszym elementem leczenia jest wyeliminowanie alergenu. W zale\u017cno\u015bci od przyczyny lekarz mo\u017ce zaleci\u0107:<\/p>\n\n\n\n<ul class=\"wp-block-list\">\n<li>zmian\u0119 pasty do z\u0119b\u00f3w,\u00a0<\/li>\n\n\n\n<li>odstawienie uczulaj\u0105cego produktu spo\u017cywczego,\u00a0<\/li>\n\n\n\n<li>wymian\u0119 materia\u0142u stomatologicznego,\u00a0<\/li>\n\n\n\n<li>leki przeciwhistaminowe,\u00a0<\/li>\n\n\n\n<li>preparaty \u0142agodz\u0105ce stan zapalny b\u0142ony \u015bluzowej.\u00a0<\/li>\n<\/ul>\n\n\n\n<p>Nie nale\u017cy stosowa\u0107 lek\u00f3w przeciwalergicznych na w\u0142asn\u0105 r\u0119k\u0119 bez konsultacji z lekarzem, zw\u0142aszcza je\u015bli objawy pojawiaj\u0105 si\u0119 po raz pierwszy.<\/p>\n\n\n\n<h2 class=\"wp-block-heading\">Czy mo\u017cna zapobiega\u0107 alergiom w jamie ustnej?<\/h2>\n\n\n\n<p>Nie zawsze jest to mo\u017cliwe, jednak ryzyko wyst\u0105pienia reakcji mo\u017cna ograniczy\u0107, np. w ten spos\u00f3b:<\/p>\n\n\n\n<ul class=\"wp-block-list\">\n<li>informuj\u0105c stomatologa o znanych alergiach,\u00a0<\/li>\n\n\n\n<li>czytaj\u0105c sk\u0142ady produkt\u00f3w do higieny jamy ustnej,\u00a0<\/li>\n\n\n\n<li>unikaj\u0105c produkt\u00f3w wywo\u0142uj\u0105cych wcze\u015bniejsze reakcje,\u00a0<\/li>\n\n\n\n<li>regularnie kontroluj\u0105c stan jamy ustnej.\u00a0<\/li>\n<\/ul>\n\n\n\n<p>Je\u017celi po zastosowaniu nowej pasty do z\u0119b\u00f3w lub p\u0142ynu do p\u0142ukania pojawi si\u0119 pieczenie lub obrz\u0119k, warto przerwa\u0107 ich stosowanie i skonsultowa\u0107 si\u0119 ze specjalist\u0105.<\/p>\n","protected":false},"excerpt":{"rendered":"<p>Objawy alergii w jamie ustnej mog\u0105 obejmowa\u0107 pieczenie, sw\u0119dzenie, obrz\u0119k, zaczerwienienie b\u0142ony \u015bluzowej czy pojawienie si\u0119 p\u0119cherzyk\u00f3w i nad\u017cerek. Reakcje alergiczne bywaj\u0105 wywo\u0142ane przez pokarmy,&#8230;<\/p>\n","protected":false},"author":5581,"featured_media":84501,"comment_status":"open","ping_status":"open","sticky":false,"template":"","format":"standard","meta":{"_acf_changed":false,"footnotes":""},"categories":[76,3151],"tags":[],"class_list":{"0":"post-84500","1":"post","2":"type-post","3":"status-publish","4":"format-standard","5":"has-post-thumbnail","7":"category-porady","8":"category-higiena-jamy-ustnej"},"acf":[],"_links":{"self":[{"href":"https:\/\/smilesonic.com\/pl\/wp-json\/wp\/v2\/posts\/84500","targetHints":{"allow":["GET"]}}],"collection":[{"href":"https:\/\/smilesonic.com\/pl\/wp-json\/wp\/v2\/posts"}],"about":[{"href":"https:\/\/smilesonic.com\/pl\/wp-json\/wp\/v2\/types\/post"}],"author":[{"embeddable":true,"href":"https:\/\/smilesonic.com\/pl\/wp-json\/wp\/v2\/users\/5581"}],"replies":[{"embeddable":true,"href":"https:\/\/smilesonic.com\/pl\/wp-json\/wp\/v2\/comments?post=84500"}],"version-history":[{"count":1,"href":"https:\/\/smilesonic.com\/pl\/wp-json\/wp\/v2\/posts\/84500\/revisions"}],"predecessor-version":[{"id":84505,"href":"https:\/\/smilesonic.com\/pl\/wp-json\/wp\/v2\/posts\/84500\/revisions\/84505"}],"wp:featuredmedia":[{"embeddable":true,"href":"https:\/\/smilesonic.com\/pl\/wp-json\/wp\/v2\/media\/84501"}],"wp:attachment":[{"href":"https:\/\/smilesonic.com\/pl\/wp-json\/wp\/v2\/media?parent=84500"}],"wp:term":[{"taxonomy":"category","embeddable":true,"href":"https:\/\/smilesonic.com\/pl\/wp-json\/wp\/v2\/categories?post=84500"},{"taxonomy":"post_tag","embeddable":true,"href":"https:\/\/smilesonic.com\/pl\/wp-json\/wp\/v2\/tags?post=84500"}],"curies":[{"name":"wp","href":"https:\/\/api.w.org\/{rel}","templated":true}]}}